{"id":584,"date":"2025-11-07T17:31:25","date_gmt":"2025-11-07T16:31:25","guid":{"rendered":"http:\/\/liege.attac.org\/blog\/?p=584"},"modified":"2025-11-08T03:01:05","modified_gmt":"2025-11-08T02:01:05","slug":"se-rappeler-lhistoire","status":"publish","type":"post","link":"http:\/\/liege.attac.org\/blog\/2025\/11\/07\/se-rappeler-lhistoire\/","title":{"rendered":"Se rappeler l&rsquo;histoire"},"content":{"rendered":"\n<p>D\u2019excellents articles dans le num\u00e9ro de novembre 2025 du <em>Monde diplomatique<\/em>, dont plusieurs d\u00e9noncent la m\u00e9connaissance de l\u2019histoire.<\/p>\n\n\n\n<p>Ainsi l\u2019article de Pierre Rimbert, \u00ab&nbsp;<a href=\"https:\/\/www.monde-diplomatique.fr\/2025\/11\/RIMBERT\/68882\" target=\"_blank\" rel=\"noreferrer noopener\">Docteure Folamour \u00e0 Bruxelles<\/a>&nbsp;\u00bb, rappelle que l\u2019Estonienne Kaja Kallas, haut commissaire pour les affaires \u00e9trang\u00e8res et la politique de s\u00e9curit\u00e9, \u00ab&nbsp;une guerri\u00e8re et non une ambassadrice&nbsp;\u00bb, \u00ab&nbsp;russophobe rabique&nbsp;\u00bb, est la fille d\u2019un habile politicien, qui a commenc\u00e9 sa carri\u00e8re en tant que planificateur sovi\u00e9tique, puis, \u00e0 la chute de l\u2019URSS, a pilot\u00e9 \u00ab&nbsp;la transition mon\u00e9taire \u00e0 la t\u00eate de la banque centrale&nbsp;\u00bb de son pays, fond\u00e9 un parti pro-entreprises et s\u2019est retrouv\u00e9 commissaire europ\u00e9en.<\/p>\n\n\n\n<p>Celui d\u2019<a href=\"https:\/\/www.monde-diplomatique.fr\/auteurs\/helene-richard\" data-type=\"link\" data-id=\"https:\/\/www.monde-diplomatique.fr\/auteurs\/helene-richard\" target=\"_blank\" rel=\"noreferrer noopener nofollow\">H\u00e9l\u00e8ne Ricard<\/a>, \u00ab\u00a0<a href=\"https:\/\/www.monde-diplomatique.fr\/2025\/11\/RICHARD\/68928\" target=\"_blank\" rel=\"noreferrer noopener\">L\u2019OTAN, de l\u2019Atlantique \u00e0 l\u2019Oural<\/a>\u00a0\u00bb, retrace l\u2019\u00e9volution des relations entre l\u2019Alliance atlantique et la Russie depuis les pr\u00e9misses de la r\u00e9unification allemande. Reprenant les donn\u00e9es d\u00e9classifi\u00e9es reprises dans l\u2019ouvrage de Mary Elise Sarotte,<em>\u00a0Not One Inch. America, Russia and the Making of a Post-Cold War Stalemate<\/em>\u00a0(2021), il trace les reculades successives de la Russie. Souvenons-nous, elle a fait partie du G8, avant qu\u2019il ne redevienne le G7, elle aurait d\u2019ailleurs voulu int\u00e9grer l\u2019OTAN, \u00e0 d\u00e9faut elle exigeait l\u2019assurance que l\u2019alliance, cens\u00e9e \u00eatre d\u00e9fensive, ne s\u2019\u00e9tablirait pas plus \u00e0 l\u2019est. Or avec l\u2019adh\u00e9sion des pays baltes, elle se trouve \u00e0 la fronti\u00e8re m\u00eame de la Russie. La possibilit\u00e9 que l\u2019Ukraine en fasse \u00e9galement partie \u00e9tait per\u00e7ue comme une menace imm\u00e9diate. Ce parcours des quarante derni\u00e8res d\u00e9cennies est d\u00e9solant d\u2019occasions rat\u00e9es.<\/p>\n\n\n\n<p>L\u2019article de Julia Haes et Klaus M\u00fchlhahn, \u00ab&nbsp;<a href=\"https:\/\/www.monde-diplomatique.fr\/2025\/11\/HAES\/68932\" target=\"_blank\" rel=\"noreferrer noopener nofollow\">L\u2019Histoire chinoise \u00e0 la moulinette<\/a>&nbsp;\u00bb, s\u2019inscrit en faux de la tendance actuelle \u00e0 ne plus rien vouloir savoir du r\u00f4le jou\u00e9 par l\u2019URSS et la Chine dans la victoire finale contre le nazisme allemand et l\u2019imp\u00e9rialisme japonais. Il r\u00e9fute l\u2019all\u00e9gation que les communistes chinois ne se seraient pas pleinement engag\u00e9s dans la lutte contre les troupes d\u2019occupation alors que leur organisation de la gu\u00e9rilla dans les campagnes a \u00e9t\u00e9 d\u00e9terminante.<\/p>\n\n\n\n<p>.<\/p>\n\n\n\n<p><\/p>\n\n\n\n<p>Post-scriptum: <\/p>\n\n\n\n<p>Et il y a l&rsquo;histoire en train de se faire, que le \u00ab\u00a0<em>Diplo<\/em>\u00a0\u00bb ne m\u00e9nage pas. <br>Ainsi, <a href=\"https:\/\/www.monde-diplomatique.fr\/auteurs\/francesca-bria\" data-type=\"link\" data-id=\"https:\/\/www.monde-diplomatique.fr\/auteurs\/francesca-bria\" target=\"_blank\" rel=\"noreferrer noopener\">Francesca Bria<\/a> signe un remarquable \u00ab&nbsp;<a href=\"https:\/\/www.monde-diplomatique.fr\/2025\/11\/BRIA\/68925\" data-type=\"link\" data-id=\"https:\/\/www.monde-diplomatique.fr\/2025\/11\/BRIA\/68925\" target=\"_blank\" rel=\"noreferrer noopener nofollow\">Le coup d\u2019\u00c9tat de la tech autoritaire<\/a>&nbsp;\u00bb, sur-titr\u00e9 \u00ab&nbsp;Des fonctions r\u00e9galiennes captur\u00e9es par le priv\u00e9&nbsp;\u00bb&nbsp;:<\/p>\n\n\n\n<blockquote class=\"wp-block-quote is-layout-flow wp-block-quote-is-layout-flow\">\n<p>Une nouvelle puissance se cristallise \u00e0 Washington. Plus press\u00e9e, plus id\u00e9ologis\u00e9e, plus privatis\u00e9e que tous les complexes militaro-industriels ant\u00e9rieurs, la tech autoritaire \u00e9branle les fondations de la d\u00e9mocratie comme jamais cela ne s\u2019\u00e9tait vu depuis les d\u00e9buts du num\u00e9rique. La Silicon Valley ne se contente plus de produire des applis ; elle b\u00e2tit des empires.<\/p>\n<\/blockquote>\n\n\n\n<p>Tandis qu&rsquo;<a href=\"https:\/\/www.monde-diplomatique.fr\/auteurs\/evgeny-morozov\" data-type=\"link\" data-id=\"https:\/\/www.monde-diplomatique.fr\/auteurs\/evgeny-morozov\" target=\"_blank\" rel=\"noreferrer noopener\">Evgeny Morozov<\/a>, connu pour ses analyses au scalpel des nouvelles technologies, livre \u00ab&nbsp;<a href=\"https:\/\/www.monde-diplomatique.fr\/2025\/11\/MOROZOV\/68923\" data-type=\"link\" data-id=\"https:\/\/www.monde-diplomatique.fr\/2025\/11\/MOROZOV\/68923\" target=\"_blank\" rel=\"noreferrer noopener nofollow\">La souverainet\u00e9 comme marchandise am\u00e9ricaine<\/a>&nbsp;\u00bb, o\u00f9 il montre par le menu l\u2019\u00e9normit\u00e9 des sommes investies autour de ladite intelligence artificielle, et la soumission des \u00c9tats, notamment europ\u00e9ens, aux grandes firmes \u00e9tasuniennes, sous l\u2019illusion de s\u2019assurer une ma\u00eetrise des donn\u00e9es nationales. D\u2019o\u00f9 le sous-titre \u00ab&nbsp;Entre bulle financi\u00e8re et arme g\u00e9opolitique&nbsp;\u00bb&#8230; <br>Quant au contre-exemple chinois d&rsquo;une souverainet\u00e9 des donn\u00e9es choisie et assum\u00e9e, il donne \u00e0 penser.<\/p>\n\n\n\n<p><\/p>\n","protected":false},"excerpt":{"rendered":"<p>D\u2019excellents articles dans le num\u00e9ro de novembre 2025 du Monde diplomatique, dont plusieurs d\u00e9noncent la m\u00e9connaissance de l\u2019histoire. Ainsi l\u2019article de Pierre Rimbert, \u00ab&nbsp;Docteure Folamour \u00e0 Bruxelles&nbsp;\u00bb, rappelle que l\u2019Estonienne Kaja Kallas, haut commissaire pour les affaires \u00e9trang\u00e8res et la politique de s\u00e9curit\u00e9, \u00ab&nbsp;une guerri\u00e8re et non une ambassadrice&nbsp;\u00bb, \u00ab&nbsp;russophobe rabique&nbsp;\u00bb, est la fille d\u2019un&#8230;<\/p>\n","protected":false},"author":1,"featured_media":585,"comment_status":"open","ping_status":"open","sticky":false,"template":"","format":"standard","meta":{"footnotes":""},"categories":[5,48],"tags":[],"class_list":["post-584","post","type-post","status-publish","format-standard","has-post-thumbnail","hentry","category-histoire","category-medias"],"_links":{"self":[{"href":"http:\/\/liege.attac.org\/blog\/wp-json\/wp\/v2\/posts\/584","targetHints":{"allow":["GET"]}}],"collection":[{"href":"http:\/\/liege.attac.org\/blog\/wp-json\/wp\/v2\/posts"}],"about":[{"href":"http:\/\/liege.attac.org\/blog\/wp-json\/wp\/v2\/types\/post"}],"author":[{"embeddable":true,"href":"http:\/\/liege.attac.org\/blog\/wp-json\/wp\/v2\/users\/1"}],"replies":[{"embeddable":true,"href":"http:\/\/liege.attac.org\/blog\/wp-json\/wp\/v2\/comments?post=584"}],"version-history":[{"count":10,"href":"http:\/\/liege.attac.org\/blog\/wp-json\/wp\/v2\/posts\/584\/revisions"}],"predecessor-version":[{"id":597,"href":"http:\/\/liege.attac.org\/blog\/wp-json\/wp\/v2\/posts\/584\/revisions\/597"}],"wp:featuredmedia":[{"embeddable":true,"href":"http:\/\/liege.attac.org\/blog\/wp-json\/wp\/v2\/media\/585"}],"wp:attachment":[{"href":"http:\/\/liege.attac.org\/blog\/wp-json\/wp\/v2\/media?parent=584"}],"wp:term":[{"taxonomy":"category","embeddable":true,"href":"http:\/\/liege.attac.org\/blog\/wp-json\/wp\/v2\/categories?post=584"},{"taxonomy":"post_tag","embeddable":true,"href":"http:\/\/liege.attac.org\/blog\/wp-json\/wp\/v2\/tags?post=584"}],"curies":[{"name":"wp","href":"https:\/\/api.w.org\/{rel}","templated":true}]}}